{"id":5857,"date":"2017-04-27T12:50:27","date_gmt":"2017-04-27T10:50:27","guid":{"rendered":"https:\/\/www.derdack.com\/de\/?p=5857"},"modified":"2017-06-07T12:47:08","modified_gmt":"2017-06-07T10:47:08","slug":"derdack-beim-gartner-it-iom-summit","status":"publish","type":"post","link":"https:\/\/www.derdack.com\/de\/derdack-beim-gartner-it-iom-summit\/","title":{"rendered":"Derdack stellt dieses Jahr beim Gartner IT IOM Summit in Berlin aus!"},"content":{"rendered":"<p>Besuchen Sie uns am Stand beim diesj\u00e4hrigen\u00a0<a href=\"http:\/\/www.gartner.com\/events\/emea\/infrastructure-operations-management\" target=\"_blank\">Gartner IT IOM Summit<\/a>\u00a0in Berlin!<\/p>\n<p>Erfahren Sie live von unseren Experten, wie Derdack die Produktivit\u00e4t von IT-Teams bei f\u00fchrenden europ\u00e4ischen und amerikanischen Unternehmen steigert. Derdack\u2019s intuitive und mobile L\u00f6sungen automatisieren Alarmierungsprozesse, stellen sicher, dass wichtige Alarme nicht verpasst werden und managen auf intelligente Art Rufbereitschaften und Bereitschafts\u00fcbergaben.<\/p>\n<p>Erfahren Sie wie f\u00fchrende Organisationen dank Derdack 10x schneller, effektiver und mobil auf kritische IT-St\u00f6rungen reagieren k\u00f6nnen.<\/p>\n<p>&nbsp;<\/p>\n<p><strong>Wo:<\/strong> Estrel Hotel Berlin<\/p>\n<p><strong>Wann:<\/strong> 12.-13. Juni 2017<\/p>\n<p><strong>Stand:<\/strong>\u00a0S2<\/p>\n<div class=\"clearfix\"><\/div>","protected":false},"excerpt":{"rendered":"<p>Besuchen Sie uns am Stand beim diesj\u00e4hrigen\u00a0Gartner IT IOM Summit\u00a0in Berlin! Erfahren Sie live von unseren Experten, wie Derdack die Produktivit\u00e4t von IT-Teams bei f\u00fchrenden europ\u00e4ischen und amerikanischen Unternehmen steigert. Derdack\u2019s intuitive und mobile L\u00f6sungen automatisieren Alarmierungsprozesse, stellen sicher, dass wichtige Alarme nicht verpasst werden und managen auf intelligente Art Rufbereitschaften und Bereitschafts\u00fcbergaben. Erfahren Sie<\/p>\n<p class=\"cv-read-more-button\"><a class=\"cv-button button is-standard color-accent has-icon icon-after\" href=\"https:\/\/www.derdack.com\/de\/derdack-beim-gartner-it-iom-summit\/\">Continue Reading<i class=\"button-icon icon-right-open-big\"><\/i><\/a><\/p>\n","protected":false},"author":10,"featured_media":5848,"comment_status":"open","ping_status":"open","sticky":false,"template":"","format":"standard","meta":[],"categories":[271],"tags":[238,417,455],"yoast_head":"<!-- This site is optimized with the Yoast SEO plugin v19.0 - https:\/\/yoast.com\/wordpress\/plugins\/seo\/ -->\n<title>Derdack beim Gartner IT IOM Summit in Berlin<\/title>\n<meta name=\"description\" content=\"Erfahren Sie live von unseren Experten, wie Derdack die Produktivit\u00e4t von IT-Teams bei f\u00fchrenden europ\u00e4ischen und amerikanischen Unternehmen steigert.\" \/>\n<meta name=\"robots\" content=\"index, follow, max-snippet:-1, max-image-preview:large, max-video-preview:-1\" \/>\n<link rel=\"canonical\" href=\"https:\/\/www.derdack.com\/de\/derdack-beim-gartner-it-iom-summit\/\" \/>\n<meta property=\"og:locale\" content=\"de_DE\" \/>\n<meta property=\"og:type\" content=\"article\" \/>\n<meta property=\"og:title\" content=\"Derdack beim Gartner IT IOM Summit in Berlin\" \/>\n<meta property=\"og:description\" content=\"Erfahren Sie live von unseren Experten, wie Derdack die Produktivit\u00e4t von IT-Teams bei f\u00fchrenden europ\u00e4ischen und amerikanischen Unternehmen steigert.\" \/>\n<meta property=\"og:url\" content=\"https:\/\/www.derdack.com\/de\/derdack-beim-gartner-it-iom-summit\/\" \/>\n<meta property=\"og:site_name\" content=\"Derdack DE\" \/>\n<meta property=\"article:publisher\" content=\"https:\/\/www.facebook.com\/derdack?ref=ts\" \/>\n<meta property=\"article:published_time\" content=\"2017-04-27T10:50:27+00:00\" \/>\n<meta property=\"article:modified_time\" content=\"2017-06-07T10:47:08+00:00\" \/>\n<meta property=\"og:image\" content=\"https:\/\/www.derdack.com\/de\/wp-content\/uploads\/sites\/5\/2017\/04\/Gartner-Header-1.jpg\" \/>\n\t<meta property=\"og:image:width\" content=\"763\" \/>\n\t<meta property=\"og:image:height\" content=\"394\" \/>\n\t<meta property=\"og:image:type\" content=\"image\/jpeg\" \/>\n<meta name=\"twitter:card\" content=\"summary\" \/>\n<meta name=\"twitter:creator\" content=\"@derdack\" \/>\n<meta name=\"twitter:site\" content=\"@derdack\" \/>\n<meta name=\"twitter:label1\" content=\"Verfasst von\" \/>\n\t<meta name=\"twitter:data1\" content=\"\" \/>\n<script type=\"application\/ld+json\" class=\"yoast-schema-graph\">{\"@context\":\"https:\/\/schema.org\",\"@graph\":[{\"@type\":\"WebSite\",\"@id\":\"https:\/\/www.derdack.com\/de\/#website\",\"url\":\"https:\/\/www.derdack.com\/de\/\",\"name\":\"Derdack DE\",\"description\":\"Alarmierung und mobile St\u00f6rfallreaktion f\u00fcr kritische Systeme\",\"potentialAction\":[{\"@type\":\"SearchAction\",\"target\":{\"@type\":\"EntryPoint\",\"urlTemplate\":\"https:\/\/www.derdack.com\/de\/?s={search_term_string}\"},\"query-input\":\"required name=search_term_string\"}],\"inLanguage\":\"de-DE\"},{\"@type\":\"ImageObject\",\"inLanguage\":\"de-DE\",\"@id\":\"https:\/\/www.derdack.com\/de\/derdack-beim-gartner-it-iom-summit\/#primaryimage\",\"url\":\"https:\/\/www.derdack.com\/de\/wp-content\/uploads\/sites\/5\/2017\/04\/Gartner-Header-1.jpg\",\"contentUrl\":\"https:\/\/www.derdack.com\/de\/wp-content\/uploads\/sites\/5\/2017\/04\/Gartner-Header-1.jpg\",\"width\":763,\"height\":394},{\"@type\":\"WebPage\",\"@id\":\"https:\/\/www.derdack.com\/de\/derdack-beim-gartner-it-iom-summit\/#webpage\",\"url\":\"https:\/\/www.derdack.com\/de\/derdack-beim-gartner-it-iom-summit\/\",\"name\":\"Derdack beim Gartner IT IOM Summit in Berlin\",\"isPartOf\":{\"@id\":\"https:\/\/www.derdack.com\/de\/#website\"},\"primaryImageOfPage\":{\"@id\":\"https:\/\/www.derdack.com\/de\/derdack-beim-gartner-it-iom-summit\/#primaryimage\"},\"datePublished\":\"2017-04-27T10:50:27+00:00\",\"dateModified\":\"2017-06-07T10:47:08+00:00\",\"author\":{\"@id\":\"\"},\"description\":\"Erfahren Sie live von unseren Experten, wie Derdack die Produktivit\u00e4t von IT-Teams bei f\u00fchrenden europ\u00e4ischen und amerikanischen Unternehmen steigert.\",\"breadcrumb\":{\"@id\":\"https:\/\/www.derdack.com\/de\/derdack-beim-gartner-it-iom-summit\/#breadcrumb\"},\"inLanguage\":\"de-DE\",\"potentialAction\":[{\"@type\":\"ReadAction\",\"target\":[\"https:\/\/www.derdack.com\/de\/derdack-beim-gartner-it-iom-summit\/\"]}]},{\"@type\":\"BreadcrumbList\",\"@id\":\"https:\/\/www.derdack.com\/de\/derdack-beim-gartner-it-iom-summit\/#breadcrumb\",\"itemListElement\":[{\"@type\":\"ListItem\",\"position\":1,\"name\":\"Home\",\"item\":\"https:\/\/www.derdack.com\/de\/\"},{\"@type\":\"ListItem\",\"position\":2,\"name\":\"Derdack stellt dieses Jahr beim Gartner IT IOM Summit in Berlin aus!\"}]},{\"@type\":\"Person\",\"@id\":\"\",\"url\":\"https:\/\/www.derdack.com\/de\/author\/\"}]}<\/script>\n<!-- \/ Yoast SEO plugin. -->","yoast_head_json":{"title":"Derdack beim Gartner IT IOM Summit in Berlin","description":"Erfahren Sie live von unseren Experten, wie Derdack die Produktivit\u00e4t von IT-Teams bei f\u00fchrenden europ\u00e4ischen und amerikanischen Unternehmen steigert.","robots":{"index":"index","follow":"follow","max-snippet":"max-snippet:-1","max-image-preview":"max-image-preview:large","max-video-preview":"max-video-preview:-1"},"canonical":"https:\/\/www.derdack.com\/de\/derdack-beim-gartner-it-iom-summit\/","og_locale":"de_DE","og_type":"article","og_title":"Derdack beim Gartner IT IOM Summit in Berlin","og_description":"Erfahren Sie live von unseren Experten, wie Derdack die Produktivit\u00e4t von IT-Teams bei f\u00fchrenden europ\u00e4ischen und amerikanischen Unternehmen steigert.","og_url":"https:\/\/www.derdack.com\/de\/derdack-beim-gartner-it-iom-summit\/","og_site_name":"Derdack DE","article_publisher":"https:\/\/www.facebook.com\/derdack?ref=ts","article_published_time":"2017-04-27T10:50:27+00:00","article_modified_time":"2017-06-07T10:47:08+00:00","og_image":[{"width":763,"height":394,"url":"https:\/\/www.derdack.com\/de\/wp-content\/uploads\/sites\/5\/2017\/04\/Gartner-Header-1.jpg","type":"image\/jpeg"}],"twitter_card":"summary","twitter_creator":"@derdack","twitter_site":"@derdack","twitter_misc":{"Verfasst von":""},"schema":{"@context":"https:\/\/schema.org","@graph":[{"@type":"WebSite","@id":"https:\/\/www.derdack.com\/de\/#website","url":"https:\/\/www.derdack.com\/de\/","name":"Derdack DE","description":"Alarmierung und mobile St\u00f6rfallreaktion f\u00fcr kritische Systeme","potentialAction":[{"@type":"SearchAction","target":{"@type":"EntryPoint","urlTemplate":"https:\/\/www.derdack.com\/de\/?s={search_term_string}"},"query-input":"required name=search_term_string"}],"inLanguage":"de-DE"},{"@type":"ImageObject","inLanguage":"de-DE","@id":"https:\/\/www.derdack.com\/de\/derdack-beim-gartner-it-iom-summit\/#primaryimage","url":"https:\/\/www.derdack.com\/de\/wp-content\/uploads\/sites\/5\/2017\/04\/Gartner-Header-1.jpg","contentUrl":"https:\/\/www.derdack.com\/de\/wp-content\/uploads\/sites\/5\/2017\/04\/Gartner-Header-1.jpg","width":763,"height":394},{"@type":"WebPage","@id":"https:\/\/www.derdack.com\/de\/derdack-beim-gartner-it-iom-summit\/#webpage","url":"https:\/\/www.derdack.com\/de\/derdack-beim-gartner-it-iom-summit\/","name":"Derdack beim Gartner IT IOM Summit in Berlin","isPartOf":{"@id":"https:\/\/www.derdack.com\/de\/#website"},"primaryImageOfPage":{"@id":"https:\/\/www.derdack.com\/de\/derdack-beim-gartner-it-iom-summit\/#primaryimage"},"datePublished":"2017-04-27T10:50:27+00:00","dateModified":"2017-06-07T10:47:08+00:00","author":{"@id":""},"description":"Erfahren Sie live von unseren Experten, wie Derdack die Produktivit\u00e4t von IT-Teams bei f\u00fchrenden europ\u00e4ischen und amerikanischen Unternehmen steigert.","breadcrumb":{"@id":"https:\/\/www.derdack.com\/de\/derdack-beim-gartner-it-iom-summit\/#breadcrumb"},"inLanguage":"de-DE","potentialAction":[{"@type":"ReadAction","target":["https:\/\/www.derdack.com\/de\/derdack-beim-gartner-it-iom-summit\/"]}]},{"@type":"BreadcrumbList","@id":"https:\/\/www.derdack.com\/de\/derdack-beim-gartner-it-iom-summit\/#breadcrumb","itemListElement":[{"@type":"ListItem","position":1,"name":"Home","item":"https:\/\/www.derdack.com\/de\/"},{"@type":"ListItem","position":2,"name":"Derdack stellt dieses Jahr beim Gartner IT IOM Summit in Berlin aus!"}]},{"@type":"Person","@id":"","url":"https:\/\/www.derdack.com\/de\/author\/"}]}},"_links":{"self":[{"href":"https:\/\/www.derdack.com\/de\/wp-json\/wp\/v2\/posts\/5857"}],"collection":[{"href":"https:\/\/www.derdack.com\/de\/wp-json\/wp\/v2\/posts"}],"about":[{"href":"https:\/\/www.derdack.com\/de\/wp-json\/wp\/v2\/types\/post"}],"author":[{"embeddable":true,"href":"https:\/\/www.derdack.com\/de\/wp-json\/wp\/v2\/users\/10"}],"replies":[{"embeddable":true,"href":"https:\/\/www.derdack.com\/de\/wp-json\/wp\/v2\/comments?post=5857"}],"version-history":[{"count":4,"href":"https:\/\/www.derdack.com\/de\/wp-json\/wp\/v2\/posts\/5857\/revisions"}],"predecessor-version":[{"id":7360,"href":"https:\/\/www.derdack.com\/de\/wp-json\/wp\/v2\/posts\/5857\/revisions\/7360"}],"wp:featuredmedia":[{"embeddable":true,"href":"https:\/\/www.derdack.com\/de\/wp-json\/wp\/v2\/media\/5848"}],"wp:attachment":[{"href":"https:\/\/www.derdack.com\/de\/wp-json\/wp\/v2\/media?parent=5857"}],"wp:term":[{"taxonomy":"category","embeddable":true,"href":"https:\/\/www.derdack.com\/de\/wp-json\/wp\/v2\/categories?post=5857"},{"taxonomy":"post_tag","embeddable":true,"href":"https:\/\/www.derdack.com\/de\/wp-json\/wp\/v2\/tags?post=5857"}],"curies":[{"name":"wp","href":"https:\/\/api.w.org\/{rel}","templated":true}]}}